{"id":3207,"date":"2018-01-31T12:51:42","date_gmt":"2018-01-31T10:51:42","guid":{"rendered":"http:\/\/site0-sntfc.westeurope.cloudapp.azure.com\/?p=3207"},"modified":"2018-01-31T12:56:25","modified_gmt":"2018-01-31T10:56:25","slug":"cu-trenul-la-viena","status":"publish","type":"post","link":"https:\/\/www.cfrcalatori.ro\/en\/cu-trenul-la-viena\/","title":{"rendered":"Cu TRENUL la Viena!"},"content":{"rendered":"<p><strong>Cum po\u021bi ajunge? <\/strong>La Viena po\u021bi ajunge cu TRENUL!<\/p>\n<p>Viena, capitala Austriei, este un oras cu cl\u0103diri \u00een stil baroc, \u00een trecut fiind centrul Imperiului Habsburgic.<\/p>\n<p>Majoritatea atrac\u021biilor turistice sunt \u00een vasta zona pietonal\u0103,\u00een centrul orasului.<\/p>\n<p><img loading=\"lazy\" decoding=\"async\" class=\"aligncenter wp-image-3178\" src=\"http:\/\/site0-sntfc.westeurope.cloudapp.azure.com\/wp-content\/uploads\/2018\/01\/viena_01-300x225.jpg\" alt=\"Cu TRENUL la Viena!\" width=\"636\" height=\"477\" srcset=\"https:\/\/www.cfrcalatori.ro\/wp-content\/uploads\/2018\/01\/viena_01-300x225.jpg 300w, https:\/\/www.cfrcalatori.ro\/wp-content\/uploads\/2018\/01\/viena_01-768x576.jpg 768w, https:\/\/www.cfrcalatori.ro\/wp-content\/uploads\/2018\/01\/viena_01.jpg 960w\" sizes=\"auto, (max-width: 636px) 100vw, 636px\" \/><\/p>\n<div align=\"left\">\n<p>Pre\u021burile pornesc de la\u00a0<b>39 \u20ac<\/b>\u00a0utiliz\u00e2nd oferta SMART Tickets.<\/p>\n<p><strong>Trenul DACIA<\/strong> circul\u0103 zilnic \u00een rela\u0163ia Bucure\u015fti \u2013 Viena \u015fi retur.<\/p>\n<p><b>Ce po\u021bi vizita?<\/b><br \/>\n\u00bb Palatul Sch\u00f6nbrunn<br \/>\n\u00bb Catedrala Sf\u00e2ntul \u0218tefan<br \/>\n\u00bb etc.<\/p>\n<\/div>\n<div align=\"left\">\n<p>Mai multe detalii despre oferta <strong>Smart Tickets <\/strong>g\u0103se\u0219ti <span style=\"color: #000000;\"><a style=\"color: #000000;\" href=\"http:\/\/site0-sntfc.westeurope.cloudapp.azure.com\/wp-content\/uploads\/2018\/01\/SMART_2018.pdf\">aici<\/a><\/span> .<\/p>\n<p>Pentru alte <strong>destina\u021bii<\/strong> din <strong>Austria<\/strong> pute\u021bi alege oferta <strong>City Star Austria<\/strong> (detalii <span style=\"color: #000000;\"><a style=\"color: #000000;\" href=\"http:\/\/site0-sntfc.westeurope.cloudapp.azure.com\/wp-content\/uploads\/2018\/01\/CityStar_Austria_ian2018.pdf\">aici<\/a><\/span>).<\/p>\n<p>Pentru orarii vezi <span style=\"color: #000000;\"><a style=\"color: #000000;\" href=\"http:\/\/reiseauskunft.bahn.de\/bin\/query.exe\/en?revia=yes&amp;existOptimizePrice=1&amp;et_cid=979&amp;et_lid=493272&amp;et_sub=Suchanfrage&amp;trip-type=single&amp;S=&amp;Z=&amp;date=Fr%2C+11.12.09&amp;time=13%3A20&amp;timesel=depart&amp;returnTimesel=depart&amp;optimize=0&amp;travelProfile=-1&amp;adult-number=1&amp;children-number=0&amp;infant-number=0&amp;tariffTravellerType.1=E&amp;tariffTravellerReductionClass.1=0&amp;tariffTravellerAge.1=&amp;qf-trav-bday-1=&amp;tariffClass=2&amp;start=1&amp;qf.bahn.button.suchen=\" target=\"_blank\" rel=\"noopener\">Mersul trenurilor.<\/a><\/span><\/p>\n<p><strong>V\u0103 dorim c\u0103l\u0103torie pl\u0103cut\u0103!<\/strong><\/p>\n<\/div>\n","protected":false},"excerpt":{"rendered":"<p>Cum po\u021bi ajunge? La Viena po\u021bi ajunge cu TRENUL! Viena, capitala Austriei, este un oras cu cl\u0103diri \u00een stil baroc, \u00een trecut fiind centrul Imperiului Habsburgic. Majoritatea atrac\u021biilor turistice sunt \u00een vasta zona pietonal\u0103,\u00een centrul orasului. Pre\u021burile pornesc de la\u00a039 \u20ac\u00a0utiliz\u00e2nd oferta SMART Tickets. Trenul DACIA circul\u0103 zilnic \u00een rela\u0163ia Bucure\u015fti \u2013 Viena \u015fi retur. Ce po\u021bi vizita? \u00bb Palatul Sch\u00f6nbrunn \u00bb Catedrala Sf\u00e2ntul \u0218tefan \u00bb etc. Mai multe detalii despre oferta Smart Tickets g\u0103se\u0219ti aici . Pentru alte destina\u021bii din Austria pute\u021bi alege oferta City Star Austria (detalii aici). Pentru orarii vezi Mersul trenurilor. V\u0103 dorim c\u0103l\u0103torie pl\u0103cut\u0103!<\/p>\n","protected":false},"author":47,"featured_media":3179,"comment_status":"closed","ping_status":"open","sticky":false,"template":"","format":"standard","meta":{"_acf_changed":false,"footnotes":""},"categories":[1250],"tags":[],"class_list":["post-3207","post","type-post","status-publish","format-standard","has-post-thumbnail","hentry","category-europe-train-trip"],"acf":[],"yoast_head":"<!-- This site is optimized with the Yoast SEO plugin v27.0 - https:\/\/yoast.com\/product\/yoast-seo-wordpress\/ -->\n<title>Cu TRENUL la Viena! - CFR Calatori<\/title>\n<meta name=\"robots\" content=\"index, follow, max-snippet:-1, max-image-preview:large, max-video-preview:-1\" \/>\n<link rel=\"canonical\" href=\"https:\/\/www.cfrcalatori.ro\/en\/cu-trenul-la-viena\/\" \/>\n<meta property=\"og:locale\" content=\"en_US\" \/>\n<meta property=\"og:type\" content=\"article\" \/>\n<meta property=\"og:title\" content=\"Cu TRENUL la Viena! - CFR Calatori\" \/>\n<meta property=\"og:description\" content=\"Cum po\u021bi ajunge? La Viena po\u021bi ajunge cu TRENUL! Viena, capitala Austriei, este un oras cu cl\u0103diri \u00een stil baroc, \u00een trecut fiind centrul Imperiului Habsburgic. Majoritatea atrac\u021biilor turistice sunt \u00een vasta zona pietonal\u0103,\u00een centrul orasului. Pre\u021burile pornesc de la\u00a039 \u20ac\u00a0utiliz\u00e2nd oferta SMART Tickets. Trenul DACIA circul\u0103 zilnic \u00een rela\u0163ia Bucure\u015fti \u2013 Viena \u015fi retur. Ce po\u021bi vizita? \u00bb Palatul Sch\u00f6nbrunn \u00bb Catedrala Sf\u00e2ntul \u0218tefan \u00bb etc. Mai multe detalii despre oferta Smart Tickets g\u0103se\u0219ti aici . Pentru alte destina\u021bii din Austria pute\u021bi alege oferta City Star Austria (detalii aici). Pentru orarii vezi Mersul trenurilor. V\u0103 dorim c\u0103l\u0103torie pl\u0103cut\u0103!\" \/>\n<meta property=\"og:url\" content=\"https:\/\/www.cfrcalatori.ro\/en\/cu-trenul-la-viena\/\" \/>\n<meta property=\"og:site_name\" content=\"CFR Calatori\" \/>\n<meta property=\"article:published_time\" content=\"2018-01-31T10:51:42+00:00\" \/>\n<meta property=\"article:modified_time\" content=\"2018-01-31T10:56:25+00:00\" \/>\n<meta property=\"og:image\" content=\"https:\/\/www.cfrcalatori.ro\/wp-content\/uploads\/2018\/01\/viena2.jpg\" \/>\n\t<meta property=\"og:image:width\" content=\"960\" \/>\n\t<meta property=\"og:image:height\" content=\"413\" \/>\n\t<meta property=\"og:image:type\" content=\"image\/jpeg\" \/>\n<meta name=\"author\" content=\"Alexandru\" \/>\n<meta name=\"twitter:card\" content=\"summary_large_image\" \/>\n<meta name=\"twitter:label1\" content=\"Written by\" \/>\n\t<meta name=\"twitter:data1\" content=\"Alexandru\" \/>\n\t<meta name=\"twitter:label2\" content=\"Est. reading time\" \/>\n\t<meta name=\"twitter:data2\" content=\"1 minute\" \/>\n<script type=\"application\/ld+json\" class=\"yoast-schema-graph\">{\"@context\":\"https:\/\/schema.org\",\"@graph\":[{\"@type\":\"Article\",\"@id\":\"https:\/\/www.cfrcalatori.ro\/en\/cu-trenul-la-viena\/#article\",\"isPartOf\":{\"@id\":\"https:\/\/www.cfrcalatori.ro\/en\/cu-trenul-la-viena\/\"},\"author\":{\"name\":\"Alexandru\",\"@id\":\"https:\/\/www.cfrcalatori.ro\/en\/#\/schema\/person\/638d0c419c5ac8a43d212d53467fddc9\"},\"headline\":\"Cu TRENUL la Viena!\",\"datePublished\":\"2018-01-31T10:51:42+00:00\",\"dateModified\":\"2018-01-31T10:56:25+00:00\",\"mainEntityOfPage\":{\"@id\":\"https:\/\/www.cfrcalatori.ro\/en\/cu-trenul-la-viena\/\"},\"wordCount\":117,\"image\":{\"@id\":\"https:\/\/www.cfrcalatori.ro\/en\/cu-trenul-la-viena\/#primaryimage\"},\"thumbnailUrl\":\"https:\/\/www.cfrcalatori.ro\/wp-content\/uploads\/2018\/01\/viena2.jpg\",\"articleSection\":[\"Europe train trip\"],\"inLanguage\":\"en-US\"},{\"@type\":\"WebPage\",\"@id\":\"https:\/\/www.cfrcalatori.ro\/en\/cu-trenul-la-viena\/\",\"url\":\"https:\/\/www.cfrcalatori.ro\/en\/cu-trenul-la-viena\/\",\"name\":\"Cu TRENUL la Viena! - CFR Calatori\",\"isPartOf\":{\"@id\":\"https:\/\/www.cfrcalatori.ro\/en\/#website\"},\"primaryImageOfPage\":{\"@id\":\"https:\/\/www.cfrcalatori.ro\/en\/cu-trenul-la-viena\/#primaryimage\"},\"image\":{\"@id\":\"https:\/\/www.cfrcalatori.ro\/en\/cu-trenul-la-viena\/#primaryimage\"},\"thumbnailUrl\":\"https:\/\/www.cfrcalatori.ro\/wp-content\/uploads\/2018\/01\/viena2.jpg\",\"datePublished\":\"2018-01-31T10:51:42+00:00\",\"dateModified\":\"2018-01-31T10:56:25+00:00\",\"author\":{\"@id\":\"https:\/\/www.cfrcalatori.ro\/en\/#\/schema\/person\/638d0c419c5ac8a43d212d53467fddc9\"},\"breadcrumb\":{\"@id\":\"https:\/\/www.cfrcalatori.ro\/en\/cu-trenul-la-viena\/#breadcrumb\"},\"inLanguage\":\"en-US\",\"potentialAction\":[{\"@type\":\"ReadAction\",\"target\":[\"https:\/\/www.cfrcalatori.ro\/en\/cu-trenul-la-viena\/\"]}]},{\"@type\":\"ImageObject\",\"inLanguage\":\"en-US\",\"@id\":\"https:\/\/www.cfrcalatori.ro\/en\/cu-trenul-la-viena\/#primaryimage\",\"url\":\"https:\/\/www.cfrcalatori.ro\/wp-content\/uploads\/2018\/01\/viena2.jpg\",\"contentUrl\":\"https:\/\/www.cfrcalatori.ro\/wp-content\/uploads\/2018\/01\/viena2.jpg\",\"width\":960,\"height\":413,\"caption\":\"Cu TRENUL la Viena!\"},{\"@type\":\"BreadcrumbList\",\"@id\":\"https:\/\/www.cfrcalatori.ro\/en\/cu-trenul-la-viena\/#breadcrumb\",\"itemListElement\":[{\"@type\":\"ListItem\",\"position\":1,\"name\":\"Home\",\"item\":\"https:\/\/www.cfrcalatori.ro\/en\/\"},{\"@type\":\"ListItem\",\"position\":2,\"name\":\"Cu TRENUL la Viena!\"}]},{\"@type\":\"WebSite\",\"@id\":\"https:\/\/www.cfrcalatori.ro\/en\/#website\",\"url\":\"https:\/\/www.cfrcalatori.ro\/en\/\",\"name\":\"CFR Calatori\",\"description\":\"CFRCalatori.ro\",\"potentialAction\":[{\"@type\":\"SearchAction\",\"target\":{\"@type\":\"EntryPoint\",\"urlTemplate\":\"https:\/\/www.cfrcalatori.ro\/en\/?s={search_term_string}\"},\"query-input\":{\"@type\":\"PropertyValueSpecification\",\"valueRequired\":true,\"valueName\":\"search_term_string\"}}],\"inLanguage\":\"en-US\"},{\"@type\":\"Person\",\"@id\":\"https:\/\/www.cfrcalatori.ro\/en\/#\/schema\/person\/638d0c419c5ac8a43d212d53467fddc9\",\"name\":\"Alexandru\",\"image\":{\"@type\":\"ImageObject\",\"inLanguage\":\"en-US\",\"@id\":\"https:\/\/www.cfrcalatori.ro\/en\/#\/schema\/person\/image\/\",\"url\":\"https:\/\/secure.gravatar.com\/avatar\/14c79dce196bc2ba00e4a0a75afdf5dc3c064b1a5caee7d3ee5bba18d65672a9?s=96&d=mm&r=g\",\"contentUrl\":\"https:\/\/secure.gravatar.com\/avatar\/14c79dce196bc2ba00e4a0a75afdf5dc3c064b1a5caee7d3ee5bba18d65672a9?s=96&d=mm&r=g\",\"caption\":\"Alexandru\"},\"url\":\"https:\/\/www.cfrcalatori.ro\/en\/author\/alexandru\/\"}]}<\/script>\n<!-- \/ Yoast SEO plugin. -->","yoast_head_json":{"title":"Cu TRENUL la Viena! - CFR Calatori","robots":{"index":"index","follow":"follow","max-snippet":"max-snippet:-1","max-image-preview":"max-image-preview:large","max-video-preview":"max-video-preview:-1"},"canonical":"https:\/\/www.cfrcalatori.ro\/en\/cu-trenul-la-viena\/","og_locale":"en_US","og_type":"article","og_title":"Cu TRENUL la Viena! - CFR Calatori","og_description":"Cum po\u021bi ajunge? La Viena po\u021bi ajunge cu TRENUL! Viena, capitala Austriei, este un oras cu cl\u0103diri \u00een stil baroc, \u00een trecut fiind centrul Imperiului Habsburgic. Majoritatea atrac\u021biilor turistice sunt \u00een vasta zona pietonal\u0103,\u00een centrul orasului. Pre\u021burile pornesc de la\u00a039 \u20ac\u00a0utiliz\u00e2nd oferta SMART Tickets. Trenul DACIA circul\u0103 zilnic \u00een rela\u0163ia Bucure\u015fti \u2013 Viena \u015fi retur. Ce po\u021bi vizita? \u00bb Palatul Sch\u00f6nbrunn \u00bb Catedrala Sf\u00e2ntul \u0218tefan \u00bb etc. Mai multe detalii despre oferta Smart Tickets g\u0103se\u0219ti aici . Pentru alte destina\u021bii din Austria pute\u021bi alege oferta City Star Austria (detalii aici). Pentru orarii vezi Mersul trenurilor. V\u0103 dorim c\u0103l\u0103torie pl\u0103cut\u0103!","og_url":"https:\/\/www.cfrcalatori.ro\/en\/cu-trenul-la-viena\/","og_site_name":"CFR Calatori","article_published_time":"2018-01-31T10:51:42+00:00","article_modified_time":"2018-01-31T10:56:25+00:00","og_image":[{"width":960,"height":413,"url":"https:\/\/www.cfrcalatori.ro\/wp-content\/uploads\/2018\/01\/viena2.jpg","type":"image\/jpeg"}],"author":"Alexandru","twitter_card":"summary_large_image","twitter_misc":{"Written by":"Alexandru","Est. reading time":"1 minute"},"schema":{"@context":"https:\/\/schema.org","@graph":[{"@type":"Article","@id":"https:\/\/www.cfrcalatori.ro\/en\/cu-trenul-la-viena\/#article","isPartOf":{"@id":"https:\/\/www.cfrcalatori.ro\/en\/cu-trenul-la-viena\/"},"author":{"name":"Alexandru","@id":"https:\/\/www.cfrcalatori.ro\/en\/#\/schema\/person\/638d0c419c5ac8a43d212d53467fddc9"},"headline":"Cu TRENUL la Viena!","datePublished":"2018-01-31T10:51:42+00:00","dateModified":"2018-01-31T10:56:25+00:00","mainEntityOfPage":{"@id":"https:\/\/www.cfrcalatori.ro\/en\/cu-trenul-la-viena\/"},"wordCount":117,"image":{"@id":"https:\/\/www.cfrcalatori.ro\/en\/cu-trenul-la-viena\/#primaryimage"},"thumbnailUrl":"https:\/\/www.cfrcalatori.ro\/wp-content\/uploads\/2018\/01\/viena2.jpg","articleSection":["Europe train trip"],"inLanguage":"en-US"},{"@type":"WebPage","@id":"https:\/\/www.cfrcalatori.ro\/en\/cu-trenul-la-viena\/","url":"https:\/\/www.cfrcalatori.ro\/en\/cu-trenul-la-viena\/","name":"Cu TRENUL la Viena! - CFR Calatori","isPartOf":{"@id":"https:\/\/www.cfrcalatori.ro\/en\/#website"},"primaryImageOfPage":{"@id":"https:\/\/www.cfrcalatori.ro\/en\/cu-trenul-la-viena\/#primaryimage"},"image":{"@id":"https:\/\/www.cfrcalatori.ro\/en\/cu-trenul-la-viena\/#primaryimage"},"thumbnailUrl":"https:\/\/www.cfrcalatori.ro\/wp-content\/uploads\/2018\/01\/viena2.jpg","datePublished":"2018-01-31T10:51:42+00:00","dateModified":"2018-01-31T10:56:25+00:00","author":{"@id":"https:\/\/www.cfrcalatori.ro\/en\/#\/schema\/person\/638d0c419c5ac8a43d212d53467fddc9"},"breadcrumb":{"@id":"https:\/\/www.cfrcalatori.ro\/en\/cu-trenul-la-viena\/#breadcrumb"},"inLanguage":"en-US","potentialAction":[{"@type":"ReadAction","target":["https:\/\/www.cfrcalatori.ro\/en\/cu-trenul-la-viena\/"]}]},{"@type":"ImageObject","inLanguage":"en-US","@id":"https:\/\/www.cfrcalatori.ro\/en\/cu-trenul-la-viena\/#primaryimage","url":"https:\/\/www.cfrcalatori.ro\/wp-content\/uploads\/2018\/01\/viena2.jpg","contentUrl":"https:\/\/www.cfrcalatori.ro\/wp-content\/uploads\/2018\/01\/viena2.jpg","width":960,"height":413,"caption":"Cu TRENUL la Viena!"},{"@type":"BreadcrumbList","@id":"https:\/\/www.cfrcalatori.ro\/en\/cu-trenul-la-viena\/#breadcrumb","itemListElement":[{"@type":"ListItem","position":1,"name":"Home","item":"https:\/\/www.cfrcalatori.ro\/en\/"},{"@type":"ListItem","position":2,"name":"Cu TRENUL la Viena!"}]},{"@type":"WebSite","@id":"https:\/\/www.cfrcalatori.ro\/en\/#website","url":"https:\/\/www.cfrcalatori.ro\/en\/","name":"CFR Calatori","description":"CFRCalatori.ro","potentialAction":[{"@type":"SearchAction","target":{"@type":"EntryPoint","urlTemplate":"https:\/\/www.cfrcalatori.ro\/en\/?s={search_term_string}"},"query-input":{"@type":"PropertyValueSpecification","valueRequired":true,"valueName":"search_term_string"}}],"inLanguage":"en-US"},{"@type":"Person","@id":"https:\/\/www.cfrcalatori.ro\/en\/#\/schema\/person\/638d0c419c5ac8a43d212d53467fddc9","name":"Alexandru","image":{"@type":"ImageObject","inLanguage":"en-US","@id":"https:\/\/www.cfrcalatori.ro\/en\/#\/schema\/person\/image\/","url":"https:\/\/secure.gravatar.com\/avatar\/14c79dce196bc2ba00e4a0a75afdf5dc3c064b1a5caee7d3ee5bba18d65672a9?s=96&d=mm&r=g","contentUrl":"https:\/\/secure.gravatar.com\/avatar\/14c79dce196bc2ba00e4a0a75afdf5dc3c064b1a5caee7d3ee5bba18d65672a9?s=96&d=mm&r=g","caption":"Alexandru"},"url":"https:\/\/www.cfrcalatori.ro\/en\/author\/alexandru\/"}]}},"_links":{"self":[{"href":"https:\/\/www.cfrcalatori.ro\/en\/wp-json\/wp\/v2\/posts\/3207","targetHints":{"allow":["GET"]}}],"collection":[{"href":"https:\/\/www.cfrcalatori.ro\/en\/wp-json\/wp\/v2\/posts"}],"about":[{"href":"https:\/\/www.cfrcalatori.ro\/en\/wp-json\/wp\/v2\/types\/post"}],"author":[{"embeddable":true,"href":"https:\/\/www.cfrcalatori.ro\/en\/wp-json\/wp\/v2\/users\/47"}],"replies":[{"embeddable":true,"href":"https:\/\/www.cfrcalatori.ro\/en\/wp-json\/wp\/v2\/comments?post=3207"}],"version-history":[{"count":0,"href":"https:\/\/www.cfrcalatori.ro\/en\/wp-json\/wp\/v2\/posts\/3207\/revisions"}],"wp:featuredmedia":[{"embeddable":true,"href":"https:\/\/www.cfrcalatori.ro\/en\/wp-json\/wp\/v2\/media\/3179"}],"wp:attachment":[{"href":"https:\/\/www.cfrcalatori.ro\/en\/wp-json\/wp\/v2\/media?parent=3207"}],"wp:term":[{"taxonomy":"category","embeddable":true,"href":"https:\/\/www.cfrcalatori.ro\/en\/wp-json\/wp\/v2\/categories?post=3207"},{"taxonomy":"post_tag","embeddable":true,"href":"https:\/\/www.cfrcalatori.ro\/en\/wp-json\/wp\/v2\/tags?post=3207"}],"curies":[{"name":"wp","href":"https:\/\/api.w.org\/{rel}","templated":true}]}}