{"id":46745,"date":"2018-01-31T10:15:17","date_gmt":"2018-01-31T08:15:17","guid":{"rendered":"http:\/\/site0-sntfc.westeurope.cloudapp.azure.com\/?p=3086"},"modified":"2018-01-31T10:15:17","modified_gmt":"2018-01-31T08:15:17","slug":"ceferisti-de-serviciu-24h-24h","status":"publish","type":"post","link":"https:\/\/www.cfrcalatori.ro\/en\/ceferisti-de-serviciu-24h-24h\/","title":{"rendered":"Ceferi\u0219ti de serviciu 24h\/24h"},"content":{"rendered":"<p><strong>C\u00e2nd?<\/strong> Campania Ceferi\u0219ti de serviciu 24h\/24h a \u00eenceput din August 2016<\/p>\n<p>O campanie prin care ne propunem s\u0103 aducem \u00een fa\u021ba publicului fiecare meserie feroviar\u0103 \u00een parte, \u0219i mai ales pe acei colegi ai no\u0219tri care se afl\u0103 \u00een spatele c\u0103l\u0103toriei cu trenul \u0219i care merit\u0103 s\u0103 fie cunoscu\u021bi de c\u0103tre to\u021bi cei ce aleg trenul ca mijloc de transport.<\/p>\n<p>Ziua, noaptea, pe viscol, ploi, canicul\u0103, de Pa\u0219te, Cr\u0103ciun \u0219i alte S\u0103rbatori &#8230; ei sunt acolo la datorie.<\/p>\n<p>\u00ce\u0219i fac treaba, cum pot mai bine, pentru ca rom\u00e2nii care se deplaseaz\u0103 cu trenul s\u0103 ajung\u0103 \u00een siguran\u021b\u0103 la destina\u021bie.<\/p>\n<p><img loading=\"lazy\" decoding=\"async\" class=\"aligncenter wp-image-3087 size-medium\" src=\"http:\/\/site0-sntfc.westeurope.cloudapp.azure.com\/wp-content\/uploads\/2018\/01\/img2_1-300x300.jpg\" alt=\"Ceferi\u0219ti de serviciu 24h\/24h\" width=\"300\" height=\"300\" srcset=\"https:\/\/www.cfrcalatori.ro\/wp-content\/uploads\/2018\/01\/img2_1-300x300.jpg 300w, https:\/\/www.cfrcalatori.ro\/wp-content\/uploads\/2018\/01\/img2_1-150x150.jpg 150w, https:\/\/www.cfrcalatori.ro\/wp-content\/uploads\/2018\/01\/img2_1-45x45.jpg 45w, https:\/\/www.cfrcalatori.ro\/wp-content\/uploads\/2018\/01\/img2_1.jpg 624w\" sizes=\"auto, (max-width: 300px) 100vw, 300px\" \/><\/p>\n<p><strong>Oamenii din spatele c\u0103l\u0103toriei tale cu trenul!<\/strong><\/p>\n<p>Cirlogea Maria &#8211; Economist Compartimentul Legitimatii de calatorie CFR C\u0103l\u0103tori Craiova\u00a0<span style=\"color: #000000;\"><a style=\"color: #000000;\" href=\"https:\/\/youtu.be\/9YH8HzTpFng\"><span style=\"color: #003366;\">click aici<\/span><\/a><\/span><\/p>\n<p>Daniel Poleac, \u0219ef de tren CFR C\u0103l\u0103tori Ia\u0219i si Miron Aost\u0103cioae, mecanic de locomotiv\u0103 CFR C\u0103l\u0103tori Ia\u0219i<span style=\"color: #000000;\">\u00a0<span style=\"color: #003366;\"><a style=\"color: #003366;\" href=\"https:\/\/youtu.be\/lKNSPM3YqyI\">click aici<\/a><\/span><\/span><\/p>\n<p>Mai multe <span style=\"color: #003366;\"><a style=\"color: #003366;\" href=\"https:\/\/www.facebook.com\/media\/set\/?set=a.1822673524627530.1073741898.1423473531214200&amp;type=1&amp;l=51e83e9bc4\">detalii \u0219i fotografii<\/a><\/span> g\u0103si\u021bi pe pagina noastr\u0103 de facebook.<\/p>\n<p>&nbsp;<\/p>\n","protected":false},"excerpt":{"rendered":"<p>C\u00e2nd? Campania Ceferi\u0219ti de serviciu 24h\/24h a \u00eenceput din August 2016 O campanie prin care ne propunem s\u0103 aducem \u00een fa\u021ba publicului fiecare meserie feroviar\u0103 \u00een parte, \u0219i mai ales pe acei colegi ai no\u0219tri care se afl\u0103 \u00een spatele c\u0103l\u0103toriei cu trenul \u0219i care merit\u0103 s\u0103 fie cunoscu\u021bi de c\u0103tre to\u021bi cei ce aleg trenul ca mijloc de transport. Ziua, noaptea, pe viscol, ploi, canicul\u0103, de Pa\u0219te, Cr\u0103ciun \u0219i alte S\u0103rbatori &#8230; ei sunt acolo la datorie. \u00ce\u0219i fac treaba, cum pot mai bine, pentru ca rom\u00e2nii care se deplaseaz\u0103 cu trenul s\u0103 ajung\u0103 \u00een siguran\u021b\u0103 la destina\u021bie. Oamenii din spatele c\u0103l\u0103toriei tale cu trenul! Cirlogea Maria &#8211; Economist Compartimentul Legitimatii de calatorie CFR C\u0103l\u0103tori Craiova\u00a0click aici Daniel Poleac, \u0219ef de tren CFR C\u0103l\u0103tori&#8230;<\/p>\n","protected":false},"author":4,"featured_media":3089,"comment_status":"closed","ping_status":"open","sticky":false,"template":"","format":"standard","meta":{"_acf_changed":false,"footnotes":""},"categories":[1246],"tags":[],"class_list":["post-46745","post","type-post","status-publish","format-standard","has-post-thumbnail","hentry","category-asa-da-asa-nu"],"acf":[],"yoast_head":"<!-- This site is optimized with the Yoast SEO plugin v27.0 - https:\/\/yoast.com\/product\/yoast-seo-wordpress\/ -->\n<title>Ceferi\u0219ti de serviciu 24h\/24h - CFR Calatori<\/title>\n<meta name=\"robots\" content=\"index, follow, max-snippet:-1, max-image-preview:large, max-video-preview:-1\" \/>\n<link rel=\"canonical\" href=\"https:\/\/www.cfrcalatori.ro\/en\/ceferisti-de-serviciu-24h-24h\/\" \/>\n<meta property=\"og:locale\" content=\"en_US\" \/>\n<meta property=\"og:type\" content=\"article\" \/>\n<meta property=\"og:title\" content=\"Ceferi\u0219ti de serviciu 24h\/24h - CFR Calatori\" \/>\n<meta property=\"og:description\" content=\"C\u00e2nd? Campania Ceferi\u0219ti de serviciu 24h\/24h a \u00eenceput din August 2016 O campanie prin care ne propunem s\u0103 aducem \u00een fa\u021ba publicului fiecare meserie feroviar\u0103 \u00een parte, \u0219i mai ales pe acei colegi ai no\u0219tri care se afl\u0103 \u00een spatele c\u0103l\u0103toriei cu trenul \u0219i care merit\u0103 s\u0103 fie cunoscu\u021bi de c\u0103tre to\u021bi cei ce aleg trenul ca mijloc de transport. Ziua, noaptea, pe viscol, ploi, canicul\u0103, de Pa\u0219te, Cr\u0103ciun \u0219i alte S\u0103rbatori &#8230; ei sunt acolo la datorie. \u00ce\u0219i fac treaba, cum pot mai bine, pentru ca rom\u00e2nii care se deplaseaz\u0103 cu trenul s\u0103 ajung\u0103 \u00een siguran\u021b\u0103 la destina\u021bie. Oamenii din spatele c\u0103l\u0103toriei tale cu trenul! Cirlogea Maria &#8211; Economist Compartimentul Legitimatii de calatorie CFR C\u0103l\u0103tori Craiova\u00a0click aici Daniel Poleac, \u0219ef de tren CFR C\u0103l\u0103tori...\" \/>\n<meta property=\"og:url\" content=\"https:\/\/www.cfrcalatori.ro\/en\/ceferisti-de-serviciu-24h-24h\/\" \/>\n<meta property=\"og:site_name\" content=\"CFR Calatori\" \/>\n<meta property=\"article:published_time\" content=\"2018-01-31T08:15:17+00:00\" \/>\n<meta property=\"og:image\" content=\"https:\/\/www.cfrcalatori.ro\/wp-content\/uploads\/2018\/01\/ceferisti-de-serviciu_bak.jpg\" \/>\n\t<meta property=\"og:image:width\" content=\"960\" \/>\n\t<meta property=\"og:image:height\" content=\"640\" \/>\n\t<meta property=\"og:image:type\" content=\"image\/jpeg\" \/>\n<meta name=\"author\" content=\"Eugen Nicodin\" \/>\n<meta name=\"twitter:card\" content=\"summary_large_image\" \/>\n<meta name=\"twitter:label1\" content=\"Written by\" \/>\n\t<meta name=\"twitter:data1\" content=\"Eugen Nicodin\" \/>\n\t<meta name=\"twitter:label2\" content=\"Est. reading time\" \/>\n\t<meta name=\"twitter:data2\" content=\"1 minute\" \/>\n<script type=\"application\/ld+json\" class=\"yoast-schema-graph\">{\"@context\":\"https:\/\/schema.org\",\"@graph\":[{\"@type\":\"Article\",\"@id\":\"https:\/\/www.cfrcalatori.ro\/en\/ceferisti-de-serviciu-24h-24h\/#article\",\"isPartOf\":{\"@id\":\"https:\/\/www.cfrcalatori.ro\/en\/ceferisti-de-serviciu-24h-24h\/\"},\"author\":{\"name\":\"Eugen Nicodin\",\"@id\":\"https:\/\/www.cfrcalatori.ro\/en\/#\/schema\/person\/e8a0ee20c6932a813c9fc94b06333c4a\"},\"headline\":\"Ceferi\u0219ti de serviciu 24h\/24h\",\"datePublished\":\"2018-01-31T08:15:17+00:00\",\"mainEntityOfPage\":{\"@id\":\"https:\/\/www.cfrcalatori.ro\/en\/ceferisti-de-serviciu-24h-24h\/\"},\"wordCount\":182,\"image\":{\"@id\":\"https:\/\/www.cfrcalatori.ro\/en\/ceferisti-de-serviciu-24h-24h\/#primaryimage\"},\"thumbnailUrl\":\"https:\/\/www.cfrcalatori.ro\/wp-content\/uploads\/2018\/01\/ceferisti-de-serviciu_bak.jpg\",\"articleSection\":[\"A\u0219a DA \/ A\u0219a NU\"],\"inLanguage\":\"en-US\"},{\"@type\":\"WebPage\",\"@id\":\"https:\/\/www.cfrcalatori.ro\/en\/ceferisti-de-serviciu-24h-24h\/\",\"url\":\"https:\/\/www.cfrcalatori.ro\/en\/ceferisti-de-serviciu-24h-24h\/\",\"name\":\"Ceferi\u0219ti de serviciu 24h\/24h - CFR Calatori\",\"isPartOf\":{\"@id\":\"https:\/\/www.cfrcalatori.ro\/en\/#website\"},\"primaryImageOfPage\":{\"@id\":\"https:\/\/www.cfrcalatori.ro\/en\/ceferisti-de-serviciu-24h-24h\/#primaryimage\"},\"image\":{\"@id\":\"https:\/\/www.cfrcalatori.ro\/en\/ceferisti-de-serviciu-24h-24h\/#primaryimage\"},\"thumbnailUrl\":\"https:\/\/www.cfrcalatori.ro\/wp-content\/uploads\/2018\/01\/ceferisti-de-serviciu_bak.jpg\",\"datePublished\":\"2018-01-31T08:15:17+00:00\",\"author\":{\"@id\":\"https:\/\/www.cfrcalatori.ro\/en\/#\/schema\/person\/e8a0ee20c6932a813c9fc94b06333c4a\"},\"breadcrumb\":{\"@id\":\"https:\/\/www.cfrcalatori.ro\/en\/ceferisti-de-serviciu-24h-24h\/#breadcrumb\"},\"inLanguage\":\"en-US\",\"potentialAction\":[{\"@type\":\"ReadAction\",\"target\":[\"https:\/\/www.cfrcalatori.ro\/en\/ceferisti-de-serviciu-24h-24h\/\"]}]},{\"@type\":\"ImageObject\",\"inLanguage\":\"en-US\",\"@id\":\"https:\/\/www.cfrcalatori.ro\/en\/ceferisti-de-serviciu-24h-24h\/#primaryimage\",\"url\":\"https:\/\/www.cfrcalatori.ro\/wp-content\/uploads\/2018\/01\/ceferisti-de-serviciu_bak.jpg\",\"contentUrl\":\"https:\/\/www.cfrcalatori.ro\/wp-content\/uploads\/2018\/01\/ceferisti-de-serviciu_bak.jpg\",\"width\":960,\"height\":640},{\"@type\":\"BreadcrumbList\",\"@id\":\"https:\/\/www.cfrcalatori.ro\/en\/ceferisti-de-serviciu-24h-24h\/#breadcrumb\",\"itemListElement\":[{\"@type\":\"ListItem\",\"position\":1,\"name\":\"Home\",\"item\":\"https:\/\/www.cfrcalatori.ro\/en\/\"},{\"@type\":\"ListItem\",\"position\":2,\"name\":\"Ceferi\u0219ti de serviciu 24h\/24h\"}]},{\"@type\":\"WebSite\",\"@id\":\"https:\/\/www.cfrcalatori.ro\/en\/#website\",\"url\":\"https:\/\/www.cfrcalatori.ro\/en\/\",\"name\":\"CFR Calatori\",\"description\":\"CFRCalatori.ro\",\"potentialAction\":[{\"@type\":\"SearchAction\",\"target\":{\"@type\":\"EntryPoint\",\"urlTemplate\":\"https:\/\/www.cfrcalatori.ro\/en\/?s={search_term_string}\"},\"query-input\":{\"@type\":\"PropertyValueSpecification\",\"valueRequired\":true,\"valueName\":\"search_term_string\"}}],\"inLanguage\":\"en-US\"},{\"@type\":\"Person\",\"@id\":\"https:\/\/www.cfrcalatori.ro\/en\/#\/schema\/person\/e8a0ee20c6932a813c9fc94b06333c4a\",\"name\":\"Eugen Nicodin\",\"image\":{\"@type\":\"ImageObject\",\"inLanguage\":\"en-US\",\"@id\":\"https:\/\/www.cfrcalatori.ro\/en\/#\/schema\/person\/image\/\",\"url\":\"https:\/\/secure.gravatar.com\/avatar\/949168e7d2f8e217f2cf3739446caf170691657bc08cdee09f8adbcc5c3a7a92?s=96&d=mm&r=g\",\"contentUrl\":\"https:\/\/secure.gravatar.com\/avatar\/949168e7d2f8e217f2cf3739446caf170691657bc08cdee09f8adbcc5c3a7a92?s=96&d=mm&r=g\",\"caption\":\"Eugen Nicodin\"},\"sameAs\":[\"https:\/\/www.focusweb.ro\/\"],\"url\":\"https:\/\/www.cfrcalatori.ro\/en\/author\/eugen-nicodin\/\"}]}<\/script>\n<!-- \/ Yoast SEO plugin. -->","yoast_head_json":{"title":"Ceferi\u0219ti de serviciu 24h\/24h - CFR Calatori","robots":{"index":"index","follow":"follow","max-snippet":"max-snippet:-1","max-image-preview":"max-image-preview:large","max-video-preview":"max-video-preview:-1"},"canonical":"https:\/\/www.cfrcalatori.ro\/en\/ceferisti-de-serviciu-24h-24h\/","og_locale":"en_US","og_type":"article","og_title":"Ceferi\u0219ti de serviciu 24h\/24h - CFR Calatori","og_description":"C\u00e2nd? Campania Ceferi\u0219ti de serviciu 24h\/24h a \u00eenceput din August 2016 O campanie prin care ne propunem s\u0103 aducem \u00een fa\u021ba publicului fiecare meserie feroviar\u0103 \u00een parte, \u0219i mai ales pe acei colegi ai no\u0219tri care se afl\u0103 \u00een spatele c\u0103l\u0103toriei cu trenul \u0219i care merit\u0103 s\u0103 fie cunoscu\u021bi de c\u0103tre to\u021bi cei ce aleg trenul ca mijloc de transport. Ziua, noaptea, pe viscol, ploi, canicul\u0103, de Pa\u0219te, Cr\u0103ciun \u0219i alte S\u0103rbatori &#8230; ei sunt acolo la datorie. \u00ce\u0219i fac treaba, cum pot mai bine, pentru ca rom\u00e2nii care se deplaseaz\u0103 cu trenul s\u0103 ajung\u0103 \u00een siguran\u021b\u0103 la destina\u021bie. Oamenii din spatele c\u0103l\u0103toriei tale cu trenul! Cirlogea Maria &#8211; Economist Compartimentul Legitimatii de calatorie CFR C\u0103l\u0103tori Craiova\u00a0click aici Daniel Poleac, \u0219ef de tren CFR C\u0103l\u0103tori...","og_url":"https:\/\/www.cfrcalatori.ro\/en\/ceferisti-de-serviciu-24h-24h\/","og_site_name":"CFR Calatori","article_published_time":"2018-01-31T08:15:17+00:00","og_image":[{"width":960,"height":640,"url":"https:\/\/www.cfrcalatori.ro\/wp-content\/uploads\/2018\/01\/ceferisti-de-serviciu_bak.jpg","type":"image\/jpeg"}],"author":"Eugen Nicodin","twitter_card":"summary_large_image","twitter_misc":{"Written by":"Eugen Nicodin","Est. reading time":"1 minute"},"schema":{"@context":"https:\/\/schema.org","@graph":[{"@type":"Article","@id":"https:\/\/www.cfrcalatori.ro\/en\/ceferisti-de-serviciu-24h-24h\/#article","isPartOf":{"@id":"https:\/\/www.cfrcalatori.ro\/en\/ceferisti-de-serviciu-24h-24h\/"},"author":{"name":"Eugen Nicodin","@id":"https:\/\/www.cfrcalatori.ro\/en\/#\/schema\/person\/e8a0ee20c6932a813c9fc94b06333c4a"},"headline":"Ceferi\u0219ti de serviciu 24h\/24h","datePublished":"2018-01-31T08:15:17+00:00","mainEntityOfPage":{"@id":"https:\/\/www.cfrcalatori.ro\/en\/ceferisti-de-serviciu-24h-24h\/"},"wordCount":182,"image":{"@id":"https:\/\/www.cfrcalatori.ro\/en\/ceferisti-de-serviciu-24h-24h\/#primaryimage"},"thumbnailUrl":"https:\/\/www.cfrcalatori.ro\/wp-content\/uploads\/2018\/01\/ceferisti-de-serviciu_bak.jpg","articleSection":["A\u0219a DA \/ A\u0219a NU"],"inLanguage":"en-US"},{"@type":"WebPage","@id":"https:\/\/www.cfrcalatori.ro\/en\/ceferisti-de-serviciu-24h-24h\/","url":"https:\/\/www.cfrcalatori.ro\/en\/ceferisti-de-serviciu-24h-24h\/","name":"Ceferi\u0219ti de serviciu 24h\/24h - CFR Calatori","isPartOf":{"@id":"https:\/\/www.cfrcalatori.ro\/en\/#website"},"primaryImageOfPage":{"@id":"https:\/\/www.cfrcalatori.ro\/en\/ceferisti-de-serviciu-24h-24h\/#primaryimage"},"image":{"@id":"https:\/\/www.cfrcalatori.ro\/en\/ceferisti-de-serviciu-24h-24h\/#primaryimage"},"thumbnailUrl":"https:\/\/www.cfrcalatori.ro\/wp-content\/uploads\/2018\/01\/ceferisti-de-serviciu_bak.jpg","datePublished":"2018-01-31T08:15:17+00:00","author":{"@id":"https:\/\/www.cfrcalatori.ro\/en\/#\/schema\/person\/e8a0ee20c6932a813c9fc94b06333c4a"},"breadcrumb":{"@id":"https:\/\/www.cfrcalatori.ro\/en\/ceferisti-de-serviciu-24h-24h\/#breadcrumb"},"inLanguage":"en-US","potentialAction":[{"@type":"ReadAction","target":["https:\/\/www.cfrcalatori.ro\/en\/ceferisti-de-serviciu-24h-24h\/"]}]},{"@type":"ImageObject","inLanguage":"en-US","@id":"https:\/\/www.cfrcalatori.ro\/en\/ceferisti-de-serviciu-24h-24h\/#primaryimage","url":"https:\/\/www.cfrcalatori.ro\/wp-content\/uploads\/2018\/01\/ceferisti-de-serviciu_bak.jpg","contentUrl":"https:\/\/www.cfrcalatori.ro\/wp-content\/uploads\/2018\/01\/ceferisti-de-serviciu_bak.jpg","width":960,"height":640},{"@type":"BreadcrumbList","@id":"https:\/\/www.cfrcalatori.ro\/en\/ceferisti-de-serviciu-24h-24h\/#breadcrumb","itemListElement":[{"@type":"ListItem","position":1,"name":"Home","item":"https:\/\/www.cfrcalatori.ro\/en\/"},{"@type":"ListItem","position":2,"name":"Ceferi\u0219ti de serviciu 24h\/24h"}]},{"@type":"WebSite","@id":"https:\/\/www.cfrcalatori.ro\/en\/#website","url":"https:\/\/www.cfrcalatori.ro\/en\/","name":"CFR Calatori","description":"CFRCalatori.ro","potentialAction":[{"@type":"SearchAction","target":{"@type":"EntryPoint","urlTemplate":"https:\/\/www.cfrcalatori.ro\/en\/?s={search_term_string}"},"query-input":{"@type":"PropertyValueSpecification","valueRequired":true,"valueName":"search_term_string"}}],"inLanguage":"en-US"},{"@type":"Person","@id":"https:\/\/www.cfrcalatori.ro\/en\/#\/schema\/person\/e8a0ee20c6932a813c9fc94b06333c4a","name":"Eugen Nicodin","image":{"@type":"ImageObject","inLanguage":"en-US","@id":"https:\/\/www.cfrcalatori.ro\/en\/#\/schema\/person\/image\/","url":"https:\/\/secure.gravatar.com\/avatar\/949168e7d2f8e217f2cf3739446caf170691657bc08cdee09f8adbcc5c3a7a92?s=96&d=mm&r=g","contentUrl":"https:\/\/secure.gravatar.com\/avatar\/949168e7d2f8e217f2cf3739446caf170691657bc08cdee09f8adbcc5c3a7a92?s=96&d=mm&r=g","caption":"Eugen Nicodin"},"sameAs":["https:\/\/www.focusweb.ro\/"],"url":"https:\/\/www.cfrcalatori.ro\/en\/author\/eugen-nicodin\/"}]}},"_links":{"self":[{"href":"https:\/\/www.cfrcalatori.ro\/en\/wp-json\/wp\/v2\/posts\/46745","targetHints":{"allow":["GET"]}}],"collection":[{"href":"https:\/\/www.cfrcalatori.ro\/en\/wp-json\/wp\/v2\/posts"}],"about":[{"href":"https:\/\/www.cfrcalatori.ro\/en\/wp-json\/wp\/v2\/types\/post"}],"author":[{"embeddable":true,"href":"https:\/\/www.cfrcalatori.ro\/en\/wp-json\/wp\/v2\/users\/4"}],"replies":[{"embeddable":true,"href":"https:\/\/www.cfrcalatori.ro\/en\/wp-json\/wp\/v2\/comments?post=46745"}],"version-history":[{"count":0,"href":"https:\/\/www.cfrcalatori.ro\/en\/wp-json\/wp\/v2\/posts\/46745\/revisions"}],"wp:featuredmedia":[{"embeddable":true,"href":"https:\/\/www.cfrcalatori.ro\/en\/wp-json\/wp\/v2\/media\/3089"}],"wp:attachment":[{"href":"https:\/\/www.cfrcalatori.ro\/en\/wp-json\/wp\/v2\/media?parent=46745"}],"wp:term":[{"taxonomy":"category","embeddable":true,"href":"https:\/\/www.cfrcalatori.ro\/en\/wp-json\/wp\/v2\/categories?post=46745"},{"taxonomy":"post_tag","embeddable":true,"href":"https:\/\/www.cfrcalatori.ro\/en\/wp-json\/wp\/v2\/tags?post=46745"}],"curies":[{"name":"wp","href":"https:\/\/api.w.org\/{rel}","templated":true}]}}